{"id":10196,"date":"2025-03-07T13:39:13","date_gmt":"2025-03-07T12:39:13","guid":{"rendered":"https:\/\/is-hr.de\/2025\/03\/das-online-redaktionsteam-von-ishr-bereitet-sich-auf-die-maerz-plenarsitzung-im-landtag-von-niedersachsen-vor\/"},"modified":"2025-04-30T15:11:32","modified_gmt":"2025-04-30T13:11:32","slug":"das-online-redaktionsteam-von-ishr-bereitet-sich-auf-die-maerz-plenarsitzung-im-landtag-von-niedersachsen-vor","status":"publish","type":"post","link":"https:\/\/is-hr.de\/de\/2025\/03\/das-online-redaktionsteam-von-ishr-bereitet-sich-auf-die-maerz-plenarsitzung-im-landtag-von-niedersachsen-vor\/","title":{"rendered":"Das Online-Redaktionsteam von ISHR bereitet sich auf die M\u00e4rz-Plenarsitzung im Landtag von Niedersachsen vor."},"content":{"rendered":"\n<figure class=\"wp-block-image size-large is-resized\"><img decoding=\"async\" width=\"460\" height=\"1030\" src=\"https:\/\/is-hr.de\/wp-content\/uploads\/2025\/03\/Online-Redaktion-460x1030.png\" alt=\"\" class=\"wp-image-9958\" style=\"width:800px;height:auto\" title=\"\" srcset=\"https:\/\/is-hr.de\/wp-content\/uploads\/2025\/03\/Online-Redaktion-460x1030.png 460w, https:\/\/is-hr.de\/wp-content\/uploads\/2025\/03\/Online-Redaktion-134x300.png 134w, https:\/\/is-hr.de\/wp-content\/uploads\/2025\/03\/Online-Redaktion-768x1721.png 768w, https:\/\/is-hr.de\/wp-content\/uploads\/2025\/03\/Online-Redaktion-685x1536.png 685w, https:\/\/is-hr.de\/wp-content\/uploads\/2025\/03\/Online-Redaktion-669x1500.png 669w, https:\/\/is-hr.de\/wp-content\/uploads\/2025\/03\/Online-Redaktion-315x705.png 315w, https:\/\/is-hr.de\/wp-content\/uploads\/2025\/03\/Online-Redaktion.png 880w\" sizes=\"(max-width: 460px) 100vw, 460px\" \/><\/figure>\n\n<hr class=\"wp-block-separator has-alpha-channel-opacity\"\/>\n\n<p><strong>\u00dcBERSETZUNG:<\/strong><\/p>\n\n<h2 class=\"wp-block-heading\">Die Online-Redaktion der Internationalen Schule Hannover Region (ISHR) bereitet sich auf die Plenarsitzung im M\u00e4rz vor.<br\/><\/h2>\n\n<p><strong>Die Bundestagsabgeordnete, Bildungsministerin und stellvertretende Ministerpr\u00e4sidentin Julia Willie Hamburg (B\u00fcndnis 90\/Die Gr\u00fcnen) ist politische Schirmherrin und besuchte das E-Paper-Team in der Schule.<\/strong><\/p>\n\n<p>Die Spannung steigt bei der Online-Redaktion der Internationalen Schule Hannover Region (ISHR): Vom 26. bis 28. M\u00e4rz haben Max Dorn, Mariella Jaensch, Joel Wagner und Victoria Weitze (11. Klasse) die M\u00f6glichkeit, \u00fcber interessante Debattenthemen aus dem Nieders\u00e4chsischen Landtag zu berichten. Das vierk\u00f6pfige Team will den Ministern und Abgeordneten aller Fraktionen auf den Zahn f\u00fchlen. \u201eLandtag-Online\u201c hei\u00dft das Projekt der Landesinitiative n-21: Schulen in Niedersachsen online e. V., die diese besondere Form der politischen Bildung erm\u00f6glicht.   <\/p>\n\n<figure class=\"wp-block-image size-large\"><img decoding=\"async\" width=\"1030\" height=\"579\" src=\"https:\/\/is-hr.de\/wp-content\/uploads\/2025\/03\/20250305_jw_hamburg_ishr_221-1030x579.jpg\" alt=\"\" class=\"wp-image-9960\" title=\"\" srcset=\"https:\/\/is-hr.de\/wp-content\/uploads\/2025\/03\/20250305_jw_hamburg_ishr_221-1030x579.jpg 1030w, https:\/\/is-hr.de\/wp-content\/uploads\/2025\/03\/20250305_jw_hamburg_ishr_221-300x169.jpg 300w, https:\/\/is-hr.de\/wp-content\/uploads\/2025\/03\/20250305_jw_hamburg_ishr_221-768x432.jpg 768w, https:\/\/is-hr.de\/wp-content\/uploads\/2025\/03\/20250305_jw_hamburg_ishr_221-1536x864.jpg 1536w, https:\/\/is-hr.de\/wp-content\/uploads\/2025\/03\/20250305_jw_hamburg_ishr_221-2048x1152.jpg 2048w, https:\/\/is-hr.de\/wp-content\/uploads\/2025\/03\/20250305_jw_hamburg_ishr_221-1500x844.jpg 1500w, https:\/\/is-hr.de\/wp-content\/uploads\/2025\/03\/20250305_jw_hamburg_ishr_221-705x397.jpg 705w\" sizes=\"(max-width: 1030px) 100vw, 1030px\" \/><\/figure>\n\n<p>Vorstellung ihrer Person und ihrer Arbeit: Julia Willie Hamburg (B\u00fcndnis 90\/Die Gr\u00fcnen), direkt gew\u00e4hlte Abgeordnete des Landtags und Schirmherrin des vierk\u00f6pfigen Online-Redaktionsteams der Internationalen Schule Hannover Region (ISHR).<\/p>\n\n<hr class=\"wp-block-separator has-alpha-channel-opacity\"\/>\n\n<p>Julia Willie Hamburg leistet aktive und prominente Unterst\u00fctzung. Als direkt gew\u00e4hlte Abgeordnete der B\u00fcndnis 90\/Die Gr\u00fcnen hat sie die Schirmherrschaft f\u00fcr das Redaktionsteam aus ihrem Wahlkreis Hannover-Mitte \u00fcbernommen. Ihre Aufgabe ist es, das Team auf die Plenarsitzungen vorzubereiten und w\u00e4hrend der Sitzungen Kontakte zu potenziellen Interviewpartnern zu kn\u00fcpfen.  <\/p>\n\n<p>Das Projekt hat am 5. M\u00e4rz begonnen. Beim &#8222;Politik-Coaching&#8220; in der Schule erkl\u00e4rte die Mentorin Julia Willie Hamburg, wie eine Plenarsitzung normalerweise abl\u00e4uft und beantwortete auch Fragen der Klasse, zum Beispiel zu ihrer T\u00e4tigkeit als nieders\u00e4chsische Kultusministerin und stellvertretende Ministerpr\u00e4sidentin. <strong>Informationen zum Paten<\/strong>: Julia Willie Hamburg, Landtagsabgeordnete seit 2013, vertritt seit November 2022 den Wahlkreis 27\/Hannover-Mitte im Nieders\u00e4chsischen Landtag als direkt gew\u00e4hlte Abgeordnete von B\u00fcndnis 90\/Die Gr\u00fcnen. Sie ist stellvertretende Ministerpr\u00e4sidentin des Landes Niedersachsen und seit ihrer Ernennung zur nieders\u00e4chsischen Kulturministerin stellvertretende Vorsitzende der Landesinitiative n-21.  <\/p>\n\n<figure class=\"wp-block-image size-large\"><img decoding=\"async\" width=\"1030\" height=\"579\" src=\"https:\/\/is-hr.de\/wp-content\/uploads\/2025\/03\/20250305_treffen_hamburg_ishr_228-1030x579.jpg\" alt=\"\" class=\"wp-image-9962\" title=\"\" srcset=\"https:\/\/is-hr.de\/wp-content\/uploads\/2025\/03\/20250305_treffen_hamburg_ishr_228-1030x579.jpg 1030w, https:\/\/is-hr.de\/wp-content\/uploads\/2025\/03\/20250305_treffen_hamburg_ishr_228-300x169.jpg 300w, https:\/\/is-hr.de\/wp-content\/uploads\/2025\/03\/20250305_treffen_hamburg_ishr_228-768x432.jpg 768w, https:\/\/is-hr.de\/wp-content\/uploads\/2025\/03\/20250305_treffen_hamburg_ishr_228-1536x864.jpg 1536w, https:\/\/is-hr.de\/wp-content\/uploads\/2025\/03\/20250305_treffen_hamburg_ishr_228-2048x1152.jpg 2048w, https:\/\/is-hr.de\/wp-content\/uploads\/2025\/03\/20250305_treffen_hamburg_ishr_228-1500x844.jpg 1500w, https:\/\/is-hr.de\/wp-content\/uploads\/2025\/03\/20250305_treffen_hamburg_ishr_228-705x397.jpg 705w\" sizes=\"(max-width: 1030px) 100vw, 1030px\" \/><\/figure>\n\n<p>Julia Willie Hamburg (B\u00fcndnis 90\/Die Gr\u00fcnen), Bildungsministerin und stellvertretende Ministerpr\u00e4sidentin, mit den Online-Redakteuren Joel, Mariella, Victoria, Max, Lehrerin Judith Schmidt-van Die und Direktor John Barker nach dem politischen Coaching an der International School Hannover Region (ISHR).<\/p>\n\n<hr class=\"wp-block-separator has-alpha-channel-opacity\"\/>\n\n<p>Ab Mittwochmorgen, dem 26. M\u00e4rz, ist die Gruppe mittendrin im Geschehen. Neben den tagesaktuellen Themen stehen Termine mit dem Ministerpr\u00e4sidenten und dem Landtagspr\u00e4sidenten auf der Agenda der Redaktion. Die journalistischen Ergebnisse werden auf der redaktionseigenen Website unter <a href=\"https:\/\/www.online-redaktionen.de\/plenum03-2025\" target=\"_blank\" rel=\"noreferrer noopener\">https:\/\/www.online-redaktionen.de\/plenum03-2025 <\/a>und http:\/\/www.landtag-online.de (vor\u00fcbergehend) ver\u00f6ffentlicht.  <\/p>\n\n<p>Schulleiter John Barker begr\u00fc\u00dft das Projekt: \u201eWir freuen uns sehr, dass unsere Schule mit ihrer ersten Bewerbung angenommen wurde. Es wird f\u00fcr unsere Sch\u00fcler sicherlich lehrreich sein, zu sehen, welche Rolle die nationale Politik auf internationaler Ebene spielt.\u201c Die Gruppe wird von ihrer Lehrerin Judith Schmidt-van Die begleitet: \u201eDie redaktionelle Arbeit wird spannend \u2013 zumal wir einige englischsprachige Texte f\u00fcr unsere Leserschaft planen. Dieses journalistische Lernszenario wird unsere Medienkompetenz sicherlich in vielerlei Hinsicht erweitern\u201c, verspricht sie vom Projekt. <\/p>\n\n<p><strong>Hintergrund: <\/strong>Ziel des Projekts Landtag-Online ist es, die Demokratieerziehung und Medienkompetenz von Sch\u00fclern durch journalistische Arbeit zu f\u00f6rdern und sie f\u00fcr landespolitische Themen zu interessieren. Die Gruppe wurde vom Beirat der Landesinitiative n-21 aus 35 Bewerberteams ausgew\u00e4hlt. Die Schule nimmt zum ersten Mal an dem Projekt Landtag-Online teil.  <\/p>\n\n<p><\/p>\n\n<p><em>Mitteilung der Landesinitiative n-21 vom 4. M\u00e4rz 2025 (\u00fcbersetzt aus dem Deutschen mit DeepL)<\/em><\/p>\n\n<p><\/p>\n","protected":false},"excerpt":{"rendered":"<p>\u00dcBERSETZUNG: Die Online-Redaktion der Internationalen Schule Hannover Region (ISHR) bereitet sich auf die Plenarsitzung im M\u00e4rz vor. Die Bundestagsabgeordnete, Bildungsministerin und stellvertretende Ministerpr\u00e4sidentin Julia Willie Hamburg (B\u00fcndnis 90\/Die Gr\u00fcnen) ist politische Schirmherrin und besuchte das E-Paper-Team in der Schule. Die Spannung steigt bei der Online-Redaktion der Internationalen Schule Hannover Region (ISHR): Vom 26. bis 28. [&hellip;]<\/p>\n","protected":false},"author":4,"featured_media":9968,"comment_status":"closed","ping_status":"closed","sticky":false,"template":"","format":"standard","meta":{"footnotes":""},"categories":[9],"tags":[],"class_list":["post-10196","post","type-post","status-publish","format-standard","has-post-thumbnail","hentry","category-unkategorisiert"],"_links":{"self":[{"href":"https:\/\/is-hr.de\/de\/wp-json\/wp\/v2\/posts\/10196","targetHints":{"allow":["GET"]}}],"collection":[{"href":"https:\/\/is-hr.de\/de\/wp-json\/wp\/v2\/posts"}],"about":[{"href":"https:\/\/is-hr.de\/de\/wp-json\/wp\/v2\/types\/post"}],"author":[{"embeddable":true,"href":"https:\/\/is-hr.de\/de\/wp-json\/wp\/v2\/users\/4"}],"replies":[{"embeddable":true,"href":"https:\/\/is-hr.de\/de\/wp-json\/wp\/v2\/comments?post=10196"}],"version-history":[{"count":0,"href":"https:\/\/is-hr.de\/de\/wp-json\/wp\/v2\/posts\/10196\/revisions"}],"wp:featuredmedia":[{"embeddable":true,"href":"https:\/\/is-hr.de\/de\/wp-json\/wp\/v2\/media\/9968"}],"wp:attachment":[{"href":"https:\/\/is-hr.de\/de\/wp-json\/wp\/v2\/media?parent=10196"}],"wp:term":[{"taxonomy":"category","embeddable":true,"href":"https:\/\/is-hr.de\/de\/wp-json\/wp\/v2\/categories?post=10196"},{"taxonomy":"post_tag","embeddable":true,"href":"https:\/\/is-hr.de\/de\/wp-json\/wp\/v2\/tags?post=10196"}],"curies":[{"name":"wp","href":"https:\/\/api.w.org\/{rel}","templated":true}]}}